{"id":843,"date":"2018-09-03T21:42:15","date_gmt":"2018-09-03T19:42:15","guid":{"rendered":"http:\/\/www.svniederau.de\/tischtennis\/?p=843"},"modified":"2018-09-03T21:42:15","modified_gmt":"2018-09-03T19:42:15","slug":"sv-niederau-gewinnt-handelshofcup-in-riesa","status":"publish","type":"post","link":"https:\/\/www.svniederau.de\/tischtennis\/2018\/09\/03\/sv-niederau-gewinnt-handelshofcup-in-riesa\/","title":{"rendered":"SV Niederau gewinnt Handelshofcup in Riesa"},"content":{"rendered":"<p><img loading=\"lazy\" decoding=\"async\" class=\"alignnone size-medium wp-image-844\" src=\"http:\/\/www.svniederau.de\/tischtennis\/wp-content\/uploads\/sites\/8\/2018\/09\/20180825_163030-218x300.jpg\" alt=\"\" width=\"218\" height=\"300\" srcset=\"https:\/\/www.svniederau.de\/tischtennis\/wp-content\/uploads\/sites\/8\/2018\/09\/20180825_163030-218x300.jpg 218w, https:\/\/www.svniederau.de\/tischtennis\/wp-content\/uploads\/sites\/8\/2018\/09\/20180825_163030-768x1056.jpg 768w, https:\/\/www.svniederau.de\/tischtennis\/wp-content\/uploads\/sites\/8\/2018\/09\/20180825_163030-744x1024.jpg 744w, https:\/\/www.svniederau.de\/tischtennis\/wp-content\/uploads\/sites\/8\/2018\/09\/20180825_163030-1024x1409.jpg 1024w, https:\/\/www.svniederau.de\/tischtennis\/wp-content\/uploads\/sites\/8\/2018\/09\/20180825_163030-785x1080.jpg 785w, https:\/\/www.svniederau.de\/tischtennis\/wp-content\/uploads\/sites\/8\/2018\/09\/20180825_163030.jpg 1986w\" sizes=\"(max-width: 218px) 100vw, 218px\" \/><\/p>\n<p style=\"text-align: left\">In der Besetzung Dirk Gerhardt und Thomas Wolff gelang es dem SV Niederau erstmals auch in Riesa den Pokal zu erk\u00e4mpfen. Im Feld der 12 2er- Mannschaften setzten sich die Niederauer mit nur einer Niederlage gegen die Konkurrenz durch. Im Finale standen mit Hahnefeld und Hrebtov sehr &#8222;unbequem&#8220;- stark spielende Coswiger entgegen, aber auch das meisterten beide nach gro\u00dfen Kampf. Gl\u00fcckwunsch zum Sieg und ein Dankesch\u00f6n an die Tischtennisfreunde Riesa f\u00fcr ein sehr gelungenes Turnier.<\/p>\n","protected":false},"excerpt":{"rendered":"<p>In der Besetzung Dirk Gerhardt und Thomas Wolff gelang es dem SV Niederau erstmals auch in Riesa den Pokal zu erk\u00e4mpfen. Im Feld der 12 2er- Mannschaften setzten sich die [&hellip;]<\/p>\n","protected":false},"author":6,"featured_media":0,"comment_status":"open","ping_status":"open","sticky":false,"template":"","format":"standard","meta":{"footnotes":""},"categories":[1],"tags":[],"class_list":["post-843","post","type-post","status-publish","format-standard","hentry","category-allgemein"],"dsm_author":{"name":"Thomas Wolff","avatar_url":"https:\/\/secure.gravatar.com\/avatar\/db4f41cabfeeca33f2fa871e7f2723aa72fc6cce1f39eaa70b9f85c1b29bd65d?s=96&d=mm&r=g","archive_link":"https:\/\/www.svniederau.de\/tischtennis\/author\/alwolf\/","biodata":""},"dsm_categories":[{"term_name":"Allgemein","term_id":1,"term_link":"https:\/\/www.svniederau.de\/tischtennis\/category\/allgemein\/"}],"dsm_attachment_categories":[],"dsm_featured_image":null,"_links":{"self":[{"href":"https:\/\/www.svniederau.de\/tischtennis\/wp-json\/wp\/v2\/posts\/843","targetHints":{"allow":["GET"]}}],"collection":[{"href":"https:\/\/www.svniederau.de\/tischtennis\/wp-json\/wp\/v2\/posts"}],"about":[{"href":"https:\/\/www.svniederau.de\/tischtennis\/wp-json\/wp\/v2\/types\/post"}],"author":[{"embeddable":true,"href":"https:\/\/www.svniederau.de\/tischtennis\/wp-json\/wp\/v2\/users\/6"}],"replies":[{"embeddable":true,"href":"https:\/\/www.svniederau.de\/tischtennis\/wp-json\/wp\/v2\/comments?post=843"}],"version-history":[{"count":1,"href":"https:\/\/www.svniederau.de\/tischtennis\/wp-json\/wp\/v2\/posts\/843\/revisions"}],"predecessor-version":[{"id":845,"href":"https:\/\/www.svniederau.de\/tischtennis\/wp-json\/wp\/v2\/posts\/843\/revisions\/845"}],"wp:attachment":[{"href":"https:\/\/www.svniederau.de\/tischtennis\/wp-json\/wp\/v2\/media?parent=843"}],"wp:term":[{"taxonomy":"category","embeddable":true,"href":"https:\/\/www.svniederau.de\/tischtennis\/wp-json\/wp\/v2\/categories?post=843"},{"taxonomy":"post_tag","embeddable":true,"href":"https:\/\/www.svniederau.de\/tischtennis\/wp-json\/wp\/v2\/tags?post=843"}],"curies":[{"name":"wp","href":"https:\/\/api.w.org\/{rel}","templated":true}]}}