{"id":776,"date":"2018-08-13T23:33:11","date_gmt":"2018-08-13T21:33:11","guid":{"rendered":"http:\/\/www.svniederau.de\/tischtennis\/?p=776"},"modified":"2018-08-13T23:33:11","modified_gmt":"2018-08-13T21:33:11","slug":"ende-der-sommerpause","status":"publish","type":"post","link":"https:\/\/www.svniederau.de\/tischtennis\/2018\/08\/13\/ende-der-sommerpause\/","title":{"rendered":"Ende der Sommerpause"},"content":{"rendered":"<p style=\"text-align: left\">Mit Ende der Sommerferien endet auch die Sommerpause f\u00fcr uns Aktiven des SV Niederau. P\u00fcnktlich am 15.08. \u00f6ffnet die Halle um 19.00 Uhr ihre Pforten f\u00fcr uns. Der Nachwuchs f\u00e4ngt wie gewohnt 16.00 Uhr mit dem Training an. Allen einen erfolgreichen Start ins Spieljahr 2018\/2019!<\/p>\n<p style=\"text-align: left\">Der Kalender wird in den n\u00e4chsten Tagen mit den Punktspielterminen und Kreispokalspielen der 3 Herrenmannschaften aktualisiert. Auch News zur neuen Saison folgen zeitnah. Ihr seht, es tut sich was.<\/p>\n","protected":false},"excerpt":{"rendered":"<p>Mit Ende der Sommerferien endet auch die Sommerpause f\u00fcr uns Aktiven des SV Niederau. P\u00fcnktlich am 15.08. \u00f6ffnet die Halle um 19.00 Uhr ihre Pforten f\u00fcr uns. Der Nachwuchs f\u00e4ngt [&hellip;]<\/p>\n","protected":false},"author":6,"featured_media":0,"comment_status":"open","ping_status":"open","sticky":false,"template":"","format":"standard","meta":{"footnotes":""},"categories":[1],"tags":[],"class_list":["post-776","post","type-post","status-publish","format-standard","hentry","category-allgemein"],"dsm_author":{"name":"Thomas Wolff","avatar_url":"https:\/\/secure.gravatar.com\/avatar\/db4f41cabfeeca33f2fa871e7f2723aa72fc6cce1f39eaa70b9f85c1b29bd65d?s=96&d=mm&r=g","archive_link":"https:\/\/www.svniederau.de\/tischtennis\/author\/alwolf\/","biodata":""},"dsm_categories":[{"term_name":"Allgemein","term_id":1,"term_link":"https:\/\/www.svniederau.de\/tischtennis\/category\/allgemein\/"}],"dsm_attachment_categories":[],"dsm_featured_image":null,"_links":{"self":[{"href":"https:\/\/www.svniederau.de\/tischtennis\/wp-json\/wp\/v2\/posts\/776","targetHints":{"allow":["GET"]}}],"collection":[{"href":"https:\/\/www.svniederau.de\/tischtennis\/wp-json\/wp\/v2\/posts"}],"about":[{"href":"https:\/\/www.svniederau.de\/tischtennis\/wp-json\/wp\/v2\/types\/post"}],"author":[{"embeddable":true,"href":"https:\/\/www.svniederau.de\/tischtennis\/wp-json\/wp\/v2\/users\/6"}],"replies":[{"embeddable":true,"href":"https:\/\/www.svniederau.de\/tischtennis\/wp-json\/wp\/v2\/comments?post=776"}],"version-history":[{"count":1,"href":"https:\/\/www.svniederau.de\/tischtennis\/wp-json\/wp\/v2\/posts\/776\/revisions"}],"predecessor-version":[{"id":777,"href":"https:\/\/www.svniederau.de\/tischtennis\/wp-json\/wp\/v2\/posts\/776\/revisions\/777"}],"wp:attachment":[{"href":"https:\/\/www.svniederau.de\/tischtennis\/wp-json\/wp\/v2\/media?parent=776"}],"wp:term":[{"taxonomy":"category","embeddable":true,"href":"https:\/\/www.svniederau.de\/tischtennis\/wp-json\/wp\/v2\/categories?post=776"},{"taxonomy":"post_tag","embeddable":true,"href":"https:\/\/www.svniederau.de\/tischtennis\/wp-json\/wp\/v2\/tags?post=776"}],"curies":[{"name":"wp","href":"https:\/\/api.w.org\/{rel}","templated":true}]}}