{"id":758,"date":"2018-05-16T00:36:24","date_gmt":"2018-05-15T22:36:24","guid":{"rendered":"http:\/\/www.svniederau.de\/tischtennis\/?p=758"},"modified":"2018-05-16T00:36:24","modified_gmt":"2018-05-15T22:36:24","slug":"saisonrueckblick-2017-2018","status":"publish","type":"post","link":"https:\/\/www.svniederau.de\/tischtennis\/2018\/05\/16\/saisonrueckblick-2017-2018\/","title":{"rendered":"Saisonr\u00fcckblick 2017\/2018"},"content":{"rendered":"<p>Saisonr\u00fcckblick 2017\/ 2018<\/p>\n<p>1. Herren:<br \/>\nDer Aufsteiger in die Bezirksklasse stand vor einem ganz schwierigen Jahr. Die Suche nach dem erforderlichen 6. Mann schien nahezu aussichtslos. Aus Liebe zum \u201ealten\u201c Verein wechselte in letzter Minute Alt- Niederauer Udo Schwendt von Stuttgart ins Sachsendorf. Es war nat\u00fcrlich von begrenzter Dauer denn Kosten und Aufwand war immens daf\u00fcr. Es kam in der Hinrunde trotzdem nur 1 (!) mal vor, dass die Stammformation komplett war, dass ist bitter denn es gab Spiele die h\u00e4tten vielleicht einen anderen Ausgang genommen. So fand man sich jedoch zur Halbzeit im Keller wieder. Die M\u00e4nner um Mannschaftsleiter Frank Schumann waren sich jedoch einig, dass ein Zur\u00fcckziehen der Mannschaft aus dem Spielbetrieb die allerletzte Variante sein sollte, denn \u201eBlut geleckt\u201c hatten die Spieler. Aus den eigenen Reihen konnte zur R\u00fcckrunde Sebastian Kr\u00fcger aus der 3. Mannschaft hochgezogen werden. Respekt und Danke f\u00fcr die Hingabe daf\u00fcr denn das war ebenso nicht selbstverst\u00e4ndlich. Die Serie wurde dann fast bis zum Ende durchgespielt. Das letzte Spiel musste dann jedoch auf Grund von 4 fehlenden Spielern abgesagt werden. Am Ende kann Niederau auf insgesamt 2 Siege verweisen (Coswig \/ Oederan). Eigentlich w\u00e4re es nahezu der Direktabstieg gewesen doch durch das Zur\u00fcckziehen der SG Miltitz (bedeutet automatisch letzter Platz) hatte man die Chance auf Relegation erhalten welche aber auch nicht gespielt werden musste da TTF Riesa vom Aufstiegsrecht zur\u00fcckgetreten war. Somit \u201emogelte\u201c man sich nun durch und darf erneut auf Bezirksebene aufschlagen wobei die Spielersuche von vorn beginnt.<br \/>\nEs spielten:<br \/>\nWolff \u2013 Gerhardt \u2013 Schumann \u2013 Schwendt \u2013 Vogt \u2013 Gl\u00e4ser \u2013 Kr\u00fcger<\/p>\n<p>2. Herren:<br \/>\nEbenfalls als Aufsteiger ging unsere 2. Mannschaft ins Rennen. Sie stieg im Vorjahr in die 2. Kreisliga auf. Mit ver\u00e4ndertem Personal gestaltete auch hier sich der Kampf um den Klassenerhalt als schwierig, denn gleich zu Beginn gab es auch noch gro\u00dfe Verletzungssorgen im Team. Den letzten Platz gab man eigentlich nur am letzten Spieltag ab. Durch das bessere Spielverh\u00e4ltnis konnte man sich gegen MSV 08 knapp durchsetzen. Somit waren das Nichtaufgeben, der Kampfeswille und die Entscheidung, den Kader zur Winterpause mit Abg\u00e4ngen in die 1. Mannschaft nicht zu schw\u00e4chen, richtig. Der Direktabstieg war von Anfang bis zum Ende wichtigstes Ziel der Mannschaft. Jedoch auch hier sollten Relegationsspiele im Anschluss folgen. Auf Grund von Spielerabg\u00e4ngen zur neuen Saison wurde jetzt jedoch die \u201eRei\u00dfleine\u201c gezogen und leider den Verzicht der Teilnahme an den Relegationen dem Verband mitgeteilt. Somit wird, sofern \u00fcberhaupt eine Mannschaft gestellt wird, in der n\u00e4chsten Saison auf Kreisklassenebene aufgeschlagen.<br \/>\nEs spielten:<br \/>\nD. Oehmigen \u2013 Piesch \u2013 K. Oehmigen &#8211; Karl<\/p>\n<p>3. Herren:<br \/>\nDiese Mannschaft bestand zun\u00e4chst aus den restlichen 11 Spielern vom SV Niederau, wobei zur R\u00fcckrunde Kr\u00fcger dann 4 (!) Klassen h\u00f6her spielte. \u00c4hnlich der beiden anderen Mannschaften war auch hier die Liga zu stark f\u00fcr den vorhandenen Kader. Lange Zeit gab es ein Kopf an Kopf Rennen mit TTF Riesa welche jedoch personell noch einmal in die \u201eTrickkiste\u201c griffen und so Niederau abh\u00e4ngen konnte. Am Ende standen 4 Z\u00e4hler zu Buche und das bedeutet gleichzeitig den Abstieg. Im Gegensatz zur Ersten und Zweiten freut man sich jedoch auf die nun (hoffentlich) l\u00f6sbaren Aufgaben im kommendem Jahr. Der Mannschaft fehlt nat\u00fcrlich auch die Trainingsintensit\u00e4t die eine h\u00f6here Leistung erbracht h\u00e4tte. Vielleicht ist es aber auch der h\u00f6heren Leistungsdichte in den unteren Klassen geschuldet, das da nicht mehr ging was ja letztendlich auch positiv zu bewerten ist.<br \/>\nEs spielten:<br \/>\nKr\u00fcger \u2013 Hoffmann \u2013 Vogel \u2013 Kahra\u00df &#8211; Handreack \u2013 Woye \u2013 Witschel \u2013 Mieth \u2013 Vass \u2013 Boeck \u2013 Riedel<\/p>\n<p>Ein Dankesch\u00f6n wie immer an dieser Stelle allen die zur Weiterentwicklung des Vereins mitgewirkt haben und nat\u00fcrlich auch ein Dank an unsere treuen Sponsoren!<br \/>\nWeiter geht es mit den Abteilungsmeisterschaften und abschlie\u00dfend das \u201eAbgrillen\u201c zum Saisonschluss.<br \/>\nBleibt sch\u00f6n gesund und kommt gut \u00fcber den Sommer.<\/p>\n","protected":false},"excerpt":{"rendered":"<p>Saisonr\u00fcckblick 2017\/ 2018 1. Herren: Der Aufsteiger in die Bezirksklasse stand vor einem ganz schwierigen Jahr. Die Suche nach dem erforderlichen 6. Mann schien nahezu aussichtslos. Aus Liebe zum \u201ealten\u201c [&hellip;]<\/p>\n","protected":false},"author":6,"featured_media":759,"comment_status":"open","ping_status":"open","sticky":false,"template":"","format":"standard","meta":{"footnotes":""},"categories":[1],"tags":[],"class_list":["post-758","post","type-post","status-publish","format-standard","has-post-thumbnail","hentry","category-allgemein"],"dsm_author":{"name":"Thomas Wolff","avatar_url":"https:\/\/secure.gravatar.com\/avatar\/db4f41cabfeeca33f2fa871e7f2723aa72fc6cce1f39eaa70b9f85c1b29bd65d?s=96&d=mm&r=g","archive_link":"https:\/\/www.svniederau.de\/tischtennis\/author\/alwolf\/","biodata":""},"dsm_categories":[{"term_name":"Allgemein","term_id":1,"term_link":"https:\/\/www.svniederau.de\/tischtennis\/category\/allgemein\/"}],"dsm_attachment_categories":[],"dsm_featured_image":{"thumbnail":"https:\/\/www.svniederau.de\/tischtennis\/wp-content\/uploads\/sites\/8\/2018\/05\/Turnier-Niederau-2017-11-150x150.jpg","medium":"https:\/\/www.svniederau.de\/tischtennis\/wp-content\/uploads\/sites\/8\/2018\/05\/Turnier-Niederau-2017-11-300x225.jpg","medium_large":"https:\/\/www.svniederau.de\/tischtennis\/wp-content\/uploads\/sites\/8\/2018\/05\/Turnier-Niederau-2017-11-768x576.jpg","large":"https:\/\/www.svniederau.de\/tischtennis\/wp-content\/uploads\/sites\/8\/2018\/05\/Turnier-Niederau-2017-11-1024x768.jpg","1536x1536":"https:\/\/www.svniederau.de\/tischtennis\/wp-content\/uploads\/sites\/8\/2018\/05\/Turnier-Niederau-2017-11.jpg","2048x2048":"https:\/\/www.svniederau.de\/tischtennis\/wp-content\/uploads\/sites\/8\/2018\/05\/Turnier-Niederau-2017-11.jpg","et-pb-post-main-image":"https:\/\/www.svniederau.de\/tischtennis\/wp-content\/uploads\/sites\/8\/2018\/05\/Turnier-Niederau-2017-11.jpg","et-pb-post-main-image-fullwidth":"https:\/\/www.svniederau.de\/tischtennis\/wp-content\/uploads\/sites\/8\/2018\/05\/Turnier-Niederau-2017-11.jpg","et-pb-portfolio-image":"https:\/\/www.svniederau.de\/tischtennis\/wp-content\/uploads\/sites\/8\/2018\/05\/Turnier-Niederau-2017-11.jpg","et-pb-portfolio-module-image":"https:\/\/www.svniederau.de\/tischtennis\/wp-content\/uploads\/sites\/8\/2018\/05\/Turnier-Niederau-2017-11.jpg","et-pb-portfolio-image-single":"https:\/\/www.svniederau.de\/tischtennis\/wp-content\/uploads\/sites\/8\/2018\/05\/Turnier-Niederau-2017-11.jpg","et-pb-gallery-module-image-portrait":"https:\/\/www.svniederau.de\/tischtennis\/wp-content\/uploads\/sites\/8\/2018\/05\/Turnier-Niederau-2017-11.jpg","et-pb-post-main-image-fullwidth-large":"https:\/\/www.svniederau.de\/tischtennis\/wp-content\/uploads\/sites\/8\/2018\/05\/Turnier-Niederau-2017-11.jpg","et-pb-image--responsive--desktop":"https:\/\/www.svniederau.de\/tischtennis\/wp-content\/uploads\/sites\/8\/2018\/05\/Turnier-Niederau-2017-11.jpg","et-pb-image--responsive--tablet":"https:\/\/www.svniederau.de\/tischtennis\/wp-content\/uploads\/sites\/8\/2018\/05\/Turnier-Niederau-2017-11.jpg","et-pb-image--responsive--phone":"https:\/\/www.svniederau.de\/tischtennis\/wp-content\/uploads\/sites\/8\/2018\/05\/Turnier-Niederau-2017-11.jpg","full":"https:\/\/www.svniederau.de\/tischtennis\/wp-content\/uploads\/sites\/8\/2018\/05\/Turnier-Niederau-2017-11.jpg"},"_links":{"self":[{"href":"https:\/\/www.svniederau.de\/tischtennis\/wp-json\/wp\/v2\/posts\/758","targetHints":{"allow":["GET"]}}],"collection":[{"href":"https:\/\/www.svniederau.de\/tischtennis\/wp-json\/wp\/v2\/posts"}],"about":[{"href":"https:\/\/www.svniederau.de\/tischtennis\/wp-json\/wp\/v2\/types\/post"}],"author":[{"embeddable":true,"href":"https:\/\/www.svniederau.de\/tischtennis\/wp-json\/wp\/v2\/users\/6"}],"replies":[{"embeddable":true,"href":"https:\/\/www.svniederau.de\/tischtennis\/wp-json\/wp\/v2\/comments?post=758"}],"version-history":[{"count":1,"href":"https:\/\/www.svniederau.de\/tischtennis\/wp-json\/wp\/v2\/posts\/758\/revisions"}],"predecessor-version":[{"id":760,"href":"https:\/\/www.svniederau.de\/tischtennis\/wp-json\/wp\/v2\/posts\/758\/revisions\/760"}],"wp:featuredmedia":[{"embeddable":true,"href":"https:\/\/www.svniederau.de\/tischtennis\/wp-json\/wp\/v2\/media\/759"}],"wp:attachment":[{"href":"https:\/\/www.svniederau.de\/tischtennis\/wp-json\/wp\/v2\/media?parent=758"}],"wp:term":[{"taxonomy":"category","embeddable":true,"href":"https:\/\/www.svniederau.de\/tischtennis\/wp-json\/wp\/v2\/categories?post=758"},{"taxonomy":"post_tag","embeddable":true,"href":"https:\/\/www.svniederau.de\/tischtennis\/wp-json\/wp\/v2\/tags?post=758"}],"curies":[{"name":"wp","href":"https:\/\/api.w.org\/{rel}","templated":true}]}}