{"id":750,"date":"2018-03-11T18:18:49","date_gmt":"2018-03-11T17:18:49","guid":{"rendered":"http:\/\/www.svniederau.de\/tischtennis\/?p=750"},"modified":"2018-03-11T18:18:49","modified_gmt":"2018-03-11T17:18:49","slug":"ereignisreiche-woche-liegt-vor-uns","status":"publish","type":"post","link":"https:\/\/www.svniederau.de\/tischtennis\/2018\/03\/11\/ereignisreiche-woche-liegt-vor-uns\/","title":{"rendered":"Ereignisreiche Woche liegt vor uns"},"content":{"rendered":"<blockquote>\n<p style=\"text-align: left\">Nachdem die erste Mannschaft einige Spiele verlegt hat, geht es nun rund. Bereits morgen (Montag) geht es nach N\u00fcnchritz. 2 Tage sp\u00e4ter kommt Oederan in unsere heimischen Gefilde. Mittwoch 19.30 Uhr ist Beginn. Und Samstag kommt es ab 10.00 Uhr zum Spiel gegen D\u00f6beln. Da kommt einiges auf die Spieler zu, die sich noch nicht geschlagen gibt.<\/p>\n<p style=\"text-align: left\">Unser 2. geht langsam die Luft aus denn auch in den vergangenen Spielen waren sie weit weg von Punktgewinnen. 5:9 und 0:14 so die Ergebnisse. Sicher sind da einige Faktoren die (zur Zeit ) nicht mehr zulassen. Am 21.03. geht es f\u00fcr sie weiter. Gegner ist da Lommatzsch 3. Derzeit liegt unser Team einen Punkt hinter dem vorletzten MSV 08.<\/p>\n<p style=\"text-align: left\">Unser 3. Team ben\u00f6tigt ebenfalls Punkte um den letzten Platz zu verlassen. Bei 4 Punkten Unterschied l\u00e4sst jedoch die Hoffnung langsam nach. Zu stark das \u00fcbrige Starterfeld in der 2. Kreisklasse. Am 14.03. ist die Mannschaft wieder aktiv, da zu Hause gegen MSV 08 3.<\/p>\n<p style=\"text-align: left\">Allen Mannschaften viel Erfolg!<\/p>\n<\/blockquote>\n","protected":false},"excerpt":{"rendered":"<p>Nachdem die erste Mannschaft einige Spiele verlegt hat, geht es nun rund. Bereits morgen (Montag) geht es nach N\u00fcnchritz. 2 Tage sp\u00e4ter kommt Oederan in unsere heimischen Gefilde. Mittwoch 19.30 [&hellip;]<\/p>\n","protected":false},"author":6,"featured_media":751,"comment_status":"open","ping_status":"open","sticky":false,"template":"","format":"standard","meta":{"footnotes":""},"categories":[1],"tags":[],"class_list":["post-750","post","type-post","status-publish","format-standard","has-post-thumbnail","hentry","category-allgemein"],"dsm_author":{"name":"Thomas Wolff","avatar_url":"https:\/\/secure.gravatar.com\/avatar\/db4f41cabfeeca33f2fa871e7f2723aa72fc6cce1f39eaa70b9f85c1b29bd65d?s=96&d=mm&r=g","archive_link":"https:\/\/www.svniederau.de\/tischtennis\/author\/alwolf\/","biodata":""},"dsm_categories":[{"term_name":"Allgemein","term_id":1,"term_link":"https:\/\/www.svniederau.de\/tischtennis\/category\/allgemein\/"}],"dsm_attachment_categories":[],"dsm_featured_image":{"thumbnail":"https:\/\/www.svniederau.de\/tischtennis\/wp-content\/uploads\/sites\/8\/2018\/03\/Screenshot_20180311-175331-150x150.jpg","medium":"https:\/\/www.svniederau.de\/tischtennis\/wp-content\/uploads\/sites\/8\/2018\/03\/Screenshot_20180311-175331-300x101.jpg","medium_large":"https:\/\/www.svniederau.de\/tischtennis\/wp-content\/uploads\/sites\/8\/2018\/03\/Screenshot_20180311-175331-768x259.jpg","large":"https:\/\/www.svniederau.de\/tischtennis\/wp-content\/uploads\/sites\/8\/2018\/03\/Screenshot_20180311-175331-1024x346.jpg","1536x1536":"https:\/\/www.svniederau.de\/tischtennis\/wp-content\/uploads\/sites\/8\/2018\/03\/Screenshot_20180311-175331.jpg","2048x2048":"https:\/\/www.svniederau.de\/tischtennis\/wp-content\/uploads\/sites\/8\/2018\/03\/Screenshot_20180311-175331.jpg","et-pb-post-main-image":"https:\/\/www.svniederau.de\/tischtennis\/wp-content\/uploads\/sites\/8\/2018\/03\/Screenshot_20180311-175331.jpg","et-pb-post-main-image-fullwidth":"https:\/\/www.svniederau.de\/tischtennis\/wp-content\/uploads\/sites\/8\/2018\/03\/Screenshot_20180311-175331.jpg","et-pb-portfolio-image":"https:\/\/www.svniederau.de\/tischtennis\/wp-content\/uploads\/sites\/8\/2018\/03\/Screenshot_20180311-175331.jpg","et-pb-portfolio-module-image":"https:\/\/www.svniederau.de\/tischtennis\/wp-content\/uploads\/sites\/8\/2018\/03\/Screenshot_20180311-175331.jpg","et-pb-portfolio-image-single":"https:\/\/www.svniederau.de\/tischtennis\/wp-content\/uploads\/sites\/8\/2018\/03\/Screenshot_20180311-175331.jpg","et-pb-gallery-module-image-portrait":"https:\/\/www.svniederau.de\/tischtennis\/wp-content\/uploads\/sites\/8\/2018\/03\/Screenshot_20180311-175331.jpg","et-pb-post-main-image-fullwidth-large":"https:\/\/www.svniederau.de\/tischtennis\/wp-content\/uploads\/sites\/8\/2018\/03\/Screenshot_20180311-175331.jpg","et-pb-image--responsive--desktop":"https:\/\/www.svniederau.de\/tischtennis\/wp-content\/uploads\/sites\/8\/2018\/03\/Screenshot_20180311-175331.jpg","et-pb-image--responsive--tablet":"https:\/\/www.svniederau.de\/tischtennis\/wp-content\/uploads\/sites\/8\/2018\/03\/Screenshot_20180311-175331.jpg","et-pb-image--responsive--phone":"https:\/\/www.svniederau.de\/tischtennis\/wp-content\/uploads\/sites\/8\/2018\/03\/Screenshot_20180311-175331.jpg","full":"https:\/\/www.svniederau.de\/tischtennis\/wp-content\/uploads\/sites\/8\/2018\/03\/Screenshot_20180311-175331.jpg"},"_links":{"self":[{"href":"https:\/\/www.svniederau.de\/tischtennis\/wp-json\/wp\/v2\/posts\/750","targetHints":{"allow":["GET"]}}],"collection":[{"href":"https:\/\/www.svniederau.de\/tischtennis\/wp-json\/wp\/v2\/posts"}],"about":[{"href":"https:\/\/www.svniederau.de\/tischtennis\/wp-json\/wp\/v2\/types\/post"}],"author":[{"embeddable":true,"href":"https:\/\/www.svniederau.de\/tischtennis\/wp-json\/wp\/v2\/users\/6"}],"replies":[{"embeddable":true,"href":"https:\/\/www.svniederau.de\/tischtennis\/wp-json\/wp\/v2\/comments?post=750"}],"version-history":[{"count":0,"href":"https:\/\/www.svniederau.de\/tischtennis\/wp-json\/wp\/v2\/posts\/750\/revisions"}],"wp:featuredmedia":[{"embeddable":true,"href":"https:\/\/www.svniederau.de\/tischtennis\/wp-json\/wp\/v2\/media\/751"}],"wp:attachment":[{"href":"https:\/\/www.svniederau.de\/tischtennis\/wp-json\/wp\/v2\/media?parent=750"}],"wp:term":[{"taxonomy":"category","embeddable":true,"href":"https:\/\/www.svniederau.de\/tischtennis\/wp-json\/wp\/v2\/categories?post=750"},{"taxonomy":"post_tag","embeddable":true,"href":"https:\/\/www.svniederau.de\/tischtennis\/wp-json\/wp\/v2\/tags?post=750"}],"curies":[{"name":"wp","href":"https:\/\/api.w.org\/{rel}","templated":true}]}}