{"id":701,"date":"2018-01-09T21:48:23","date_gmt":"2018-01-09T20:48:23","guid":{"rendered":"http:\/\/www.svniederau.de\/tischtennis\/?p=701"},"modified":"2018-01-09T21:48:23","modified_gmt":"2018-01-09T20:48:23","slug":"startschuss-zur-rueckrunde-gefallen","status":"publish","type":"post","link":"https:\/\/www.svniederau.de\/tischtennis\/2018\/01\/09\/startschuss-zur-rueckrunde-gefallen\/","title":{"rendered":"Startschuss zur R\u00fcckrunde gefallen"},"content":{"rendered":"<p>Es geht wieder los!<br \/>\nSchluss mit Weihnachtsbraten, Pfefferkuchen und Gl\u00fccksrakete, &#8222;ran an die Tische&#8220; hei\u00dft es nun auch wieder in Niederau. Den Auftakt zur R\u00fcckrunde bestreitet morgen (Mittwoch 19.00 Uhr) unsere 2. Mannschaft beim Tabellennachbarn Mei\u00dfner SV 08. Zeitgleich ist in heimischer Halle unsere 3. Mannschaft gegen Lampertswalde gefordert. Am Samstag geht die &#8222;wir geben die Hoffnung nicht auf- Tour&#8220; unserer 1. Mannschaft los. Ab 10.00 Uhr wird in Niederau gegen SV Diera gek\u00e4mpft. Der Letzte gegen den Ersten hei\u00dft es da. Zuschauer sind wie immer gern gesehen!<br \/>\nJungs packt es an!<\/p>\n","protected":false},"excerpt":{"rendered":"<p>Es geht wieder los! Schluss mit Weihnachtsbraten, Pfefferkuchen und Gl\u00fccksrakete, &#8222;ran an die Tische&#8220; hei\u00dft es nun auch wieder in Niederau. Den Auftakt zur R\u00fcckrunde bestreitet morgen (Mittwoch 19.00 Uhr) [&hellip;]<\/p>\n","protected":false},"author":6,"featured_media":203,"comment_status":"open","ping_status":"open","sticky":false,"template":"","format":"standard","meta":{"footnotes":""},"categories":[1],"tags":[],"class_list":["post-701","post","type-post","status-publish","format-standard","has-post-thumbnail","hentry","category-allgemein"],"dsm_author":{"name":"Thomas Wolff","avatar_url":"https:\/\/secure.gravatar.com\/avatar\/db4f41cabfeeca33f2fa871e7f2723aa72fc6cce1f39eaa70b9f85c1b29bd65d?s=96&d=mm&r=g","archive_link":"https:\/\/www.svniederau.de\/tischtennis\/author\/alwolf\/","biodata":""},"dsm_categories":[{"term_name":"Allgemein","term_id":1,"term_link":"https:\/\/www.svniederau.de\/tischtennis\/category\/allgemein\/"}],"dsm_attachment_categories":[],"dsm_featured_image":{"thumbnail":"https:\/\/www.svniederau.de\/tischtennis\/wp-content\/uploads\/sites\/8\/2017\/11\/TT-Schafe-150x150.jpg","medium":"https:\/\/www.svniederau.de\/tischtennis\/wp-content\/uploads\/sites\/8\/2017\/11\/TT-Schafe-300x199.jpg","medium_large":"https:\/\/www.svniederau.de\/tischtennis\/wp-content\/uploads\/sites\/8\/2017\/11\/TT-Schafe-768x509.jpg","large":"https:\/\/www.svniederau.de\/tischtennis\/wp-content\/uploads\/sites\/8\/2017\/11\/TT-Schafe.jpg","1536x1536":"https:\/\/www.svniederau.de\/tischtennis\/wp-content\/uploads\/sites\/8\/2017\/11\/TT-Schafe.jpg","2048x2048":"https:\/\/www.svniederau.de\/tischtennis\/wp-content\/uploads\/sites\/8\/2017\/11\/TT-Schafe.jpg","et-pb-post-main-image":"https:\/\/www.svniederau.de\/tischtennis\/wp-content\/uploads\/sites\/8\/2017\/11\/TT-Schafe.jpg","et-pb-post-main-image-fullwidth":"https:\/\/www.svniederau.de\/tischtennis\/wp-content\/uploads\/sites\/8\/2017\/11\/TT-Schafe.jpg","et-pb-portfolio-image":"https:\/\/www.svniederau.de\/tischtennis\/wp-content\/uploads\/sites\/8\/2017\/11\/TT-Schafe.jpg","et-pb-portfolio-module-image":"https:\/\/www.svniederau.de\/tischtennis\/wp-content\/uploads\/sites\/8\/2017\/11\/TT-Schafe.jpg","et-pb-portfolio-image-single":"https:\/\/www.svniederau.de\/tischtennis\/wp-content\/uploads\/sites\/8\/2017\/11\/TT-Schafe.jpg","et-pb-gallery-module-image-portrait":"https:\/\/www.svniederau.de\/tischtennis\/wp-content\/uploads\/sites\/8\/2017\/11\/TT-Schafe.jpg","et-pb-post-main-image-fullwidth-large":"https:\/\/www.svniederau.de\/tischtennis\/wp-content\/uploads\/sites\/8\/2017\/11\/TT-Schafe.jpg","et-pb-image--responsive--desktop":"https:\/\/www.svniederau.de\/tischtennis\/wp-content\/uploads\/sites\/8\/2017\/11\/TT-Schafe.jpg","et-pb-image--responsive--tablet":"https:\/\/www.svniederau.de\/tischtennis\/wp-content\/uploads\/sites\/8\/2017\/11\/TT-Schafe.jpg","et-pb-image--responsive--phone":"https:\/\/www.svniederau.de\/tischtennis\/wp-content\/uploads\/sites\/8\/2017\/11\/TT-Schafe.jpg","full":"https:\/\/www.svniederau.de\/tischtennis\/wp-content\/uploads\/sites\/8\/2017\/11\/TT-Schafe.jpg"},"_links":{"self":[{"href":"https:\/\/www.svniederau.de\/tischtennis\/wp-json\/wp\/v2\/posts\/701","targetHints":{"allow":["GET"]}}],"collection":[{"href":"https:\/\/www.svniederau.de\/tischtennis\/wp-json\/wp\/v2\/posts"}],"about":[{"href":"https:\/\/www.svniederau.de\/tischtennis\/wp-json\/wp\/v2\/types\/post"}],"author":[{"embeddable":true,"href":"https:\/\/www.svniederau.de\/tischtennis\/wp-json\/wp\/v2\/users\/6"}],"replies":[{"embeddable":true,"href":"https:\/\/www.svniederau.de\/tischtennis\/wp-json\/wp\/v2\/comments?post=701"}],"version-history":[{"count":0,"href":"https:\/\/www.svniederau.de\/tischtennis\/wp-json\/wp\/v2\/posts\/701\/revisions"}],"wp:featuredmedia":[{"embeddable":true,"href":"https:\/\/www.svniederau.de\/tischtennis\/wp-json\/wp\/v2\/media\/203"}],"wp:attachment":[{"href":"https:\/\/www.svniederau.de\/tischtennis\/wp-json\/wp\/v2\/media?parent=701"}],"wp:term":[{"taxonomy":"category","embeddable":true,"href":"https:\/\/www.svniederau.de\/tischtennis\/wp-json\/wp\/v2\/categories?post=701"},{"taxonomy":"post_tag","embeddable":true,"href":"https:\/\/www.svniederau.de\/tischtennis\/wp-json\/wp\/v2\/tags?post=701"}],"curies":[{"name":"wp","href":"https:\/\/api.w.org\/{rel}","templated":true}]}}