{"id":429,"date":"2025-11-26T23:59:13","date_gmt":"2025-11-26T22:59:13","guid":{"rendered":"http:\/\/www.svniederau.de\/bogen\/?p=429"},"modified":"2025-11-27T00:08:09","modified_gmt":"2025-11-26T23:08:09","slug":"meisterschaften-2026","status":"publish","type":"post","link":"https:\/\/www.svniederau.de\/bogen\/meisterschaften-2026\/","title":{"rendered":"Meisterschaften &amp; Verbandswettk\u00e4mpfe 2026"},"content":{"rendered":"<ul>\n<li>17.01.2026 &#8211; SBV &#8211; Sachsenmeisterschaft Halle Erw.+Kinder alle Klassen in D\u00f6beln<\/li>\n<li>18.01.2026 &#8211; SBV &#8211; 2. Runde Landesliga Halle Recurve \/\/ B\u00f6gen ohne Visier in D\u00f6beln<\/li>\n<li>14.03.2026 &#8211; DBSV &#8211; Deutsche Meisterschaft Halle (B\u00f6gen ohne Visier) in D\u00f6beln<\/li>\n<li>28.03.2026 &#8211; DBSV &#8211; Deutsche Meisterschaft Halle (Recurve und Compound) in Salzwedel<\/li>\n<li>26.04.2026 &#8211; SBV &#8211; Relegation Landesliga B\u00f6gen ohne Visier (Au\u00dfensaison)<\/li>\n<li>02.05.2026 &#8211; SBV &#8211; Sachsenmeisterschaft 3D<\/li>\n<li>10.05.2026 &#8211; SBV &#8211; Hinrunde Landesliga B\u00f6gen ohne Visier in D\u00f6beln (Au\u00dfensaison)<\/li>\n<li>17.06.2026 &#8211; SBV &#8211; Relegation Landesliga B\u00f6gen ohne Visier (Hallensaison)<\/li>\n<li>15.08.2026 &#8211; DBSV &#8211; Deutsche Meisterschaft 3D in Eichenzell \/ Hessen<\/li>\n<li>22.08.2026 &#8211; DBSV &#8211; Deutsche Meisterschaft Damen, Herren, \u00dc-Klassen in Schwedt \/ Brandenburg<\/li>\n<li>29.06.2026 &#8211; DBSV &#8211; Deutsche Meisterschaft B\u00f6gen ohne Visier<\/li>\n<li>05.09.2026 &#8211; DBSV &#8211; Deutsche Meisterschaft Feld\/Wald inf Schwarzenborn \/ Hessen<\/li>\n<li><\/li>\n<\/ul>\n","protected":false},"excerpt":{"rendered":"<p>17.01.2026 &#8211; SBV &#8211; Sachsenmeisterschaft Halle Erw.+Kinder alle Klassen in D\u00f6beln 18.01.2026 &#8211; SBV &#8211; 2. Runde Landesliga Halle Recurve \/\/ B\u00f6gen ohne Visier in D\u00f6beln 14.03.2026 &#8211; DBSV &#8211; [&hellip;]<\/p>\n","protected":false},"author":7,"featured_media":0,"comment_status":"open","ping_status":"open","sticky":false,"template":"","format":"standard","meta":{"footnotes":""},"categories":[1],"tags":[],"class_list":["post-429","post","type-post","status-publish","format-standard","hentry","category-allgemein"],"dsm_author":{"name":"Carsten Ewest","avatar_url":"https:\/\/secure.gravatar.com\/avatar\/dd685a432196ea364f62c75f18288cd6a5dd4fe85bcfa443f8604a3582c97501?s=96&d=mm&r=g","archive_link":"https:\/\/www.svniederau.de\/bogen\/author\/bogensport\/","biodata":""},"dsm_categories":[{"term_name":"Allgemein","term_id":1,"term_link":"https:\/\/www.svniederau.de\/bogen\/category\/allgemein\/"}],"dsm_attachment_categories":[],"dsm_featured_image":null,"_links":{"self":[{"href":"https:\/\/www.svniederau.de\/bogen\/wp-json\/wp\/v2\/posts\/429","targetHints":{"allow":["GET"]}}],"collection":[{"href":"https:\/\/www.svniederau.de\/bogen\/wp-json\/wp\/v2\/posts"}],"about":[{"href":"https:\/\/www.svniederau.de\/bogen\/wp-json\/wp\/v2\/types\/post"}],"author":[{"embeddable":true,"href":"https:\/\/www.svniederau.de\/bogen\/wp-json\/wp\/v2\/users\/7"}],"replies":[{"embeddable":true,"href":"https:\/\/www.svniederau.de\/bogen\/wp-json\/wp\/v2\/comments?post=429"}],"version-history":[{"count":6,"href":"https:\/\/www.svniederau.de\/bogen\/wp-json\/wp\/v2\/posts\/429\/revisions"}],"predecessor-version":[{"id":1859,"href":"https:\/\/www.svniederau.de\/bogen\/wp-json\/wp\/v2\/posts\/429\/revisions\/1859"}],"wp:attachment":[{"href":"https:\/\/www.svniederau.de\/bogen\/wp-json\/wp\/v2\/media?parent=429"}],"wp:term":[{"taxonomy":"category","embeddable":true,"href":"https:\/\/www.svniederau.de\/bogen\/wp-json\/wp\/v2\/categories?post=429"},{"taxonomy":"post_tag","embeddable":true,"href":"https:\/\/www.svniederau.de\/bogen\/wp-json\/wp\/v2\/tags?post=429"}],"curies":[{"name":"wp","href":"https:\/\/api.w.org\/{rel}","templated":true}]}}